{"id":1659,"date":"2024-07-27T18:11:22","date_gmt":"2024-07-27T18:11:22","guid":{"rendered":"https:\/\/th-feriendomizile.de\/startseite\/?p=1659"},"modified":"2025-01-27T18:15:11","modified_gmt":"2025-01-27T18:15:11","slug":"leidenschaft-im-sommer","status":"publish","type":"post","link":"https:\/\/th-feriendomizile.de\/startseite\/2024\/07\/27\/leidenschaft-im-sommer\/","title":{"rendered":"Leidenschaft im Sommer"},"content":{"rendered":"\n  <div id=\"page-header-1196903770\" class=\"page-header-wrapper\">\n  <div class=\"page-title dark featured-title\">\n\n        <div class=\"page-title-bg\">\n      <div class=\"title-bg fill bg-fill\"\n        data-parallax-container=\".page-title\"\n        data-parallax-background\n        data-parallax=\"-\">\n      <\/div>\n      <div class=\"title-overlay fill\"><\/div>\n    <\/div>\n    \n    <div class=\"page-title-inner container align-center text-center flex-row-col medium-flex-wrap\" >\n              <div class=\"title-wrapper is-xlarge flex-col\">\n          <h1 class=\"entry-title mb-0\">\n            Leidenschaft im Sommer          <\/h1>\n        <\/div>\n                    <div class=\"title-content flex-col\">\n              <\/div>\n    <\/div>\n\n     \n<style>\n#page-header-1196903770 .title-bg {\n  background-image: url(https:\/\/th-feriendomizile.de\/wp-content\/uploads\/2024\/07\/IMG_20240609_095734-scaled.jpg);\n}\n<\/style>\n  <\/div>\n    <\/div>\n  \n\n\n  <div class=\"banner has-hover\" id=\"banner-2076153723\">\n          <div class=\"banner-inner fill\">\n        <div class=\"banner-bg fill\" >\n                                                \n                    <\/div>\n\t\t\n        <div class=\"banner-layers container\">\n            <div class=\"fill banner-link\"><\/div>            \n\n   <div id=\"text-box-1981454711\" class=\"text-box banner-layer x50 md-x50 lg-x50 y50 md-y50 lg-y50 res-text\">\n                                <div class=\"text-box-content text dark\">\n              \n              <div class=\"text-inner text-center\">\n                  \n\n\t<div id=\"text-186296400\" class=\"text\">\n\t\t\n\n<p>Das Laub setzt sich durch. Die Bergwiese steht in voller Bl\u00fcte. Bei bestem Sonnenschein strahlt die Landschaft im saftigen Gr\u00fcn. Luna und Elli toben auf den Galgenberg.  Was f\u00fcr eine Pracht, was f\u00fcr ein Duft!<\/p>\n\n\t\t\n<style>\n#text-186296400 {\n  font-size: 1.55rem;\n}\n<\/style>\n\t<\/div>\n\t\n\n              <\/div>\n           <\/div>\n                            \n<style>\n#text-box-1981454711 {\n  width: 60%;\n}\n#text-box-1981454711 .text-box-content {\n  font-size: 100%;\n}\n<\/style>\n    <\/div>\n \n\n        <\/div>\n      <\/div>\n\n            \n<style>\n#banner-2076153723 {\n  padding-top: 50%;\n}\n<\/style>\n  <\/div>\n\n\n\t<div class=\"img has-hover x md-x lg-x y md-y lg-y\" id=\"image_1249480361\">\n\t\t\t\t\t\t\t\t<div class=\"img-inner dark\" >\n\t\t\t<img loading=\"lazy\" decoding=\"async\" width=\"599\" height=\"800\" src=\"https:\/\/th-feriendomizile.de\/wp-content\/uploads\/2023\/10\/1698578496634-599x800.jpg\" class=\"attachment-large size-large\" alt=\"\" srcset=\"https:\/\/th-feriendomizile.de\/wp-content\/uploads\/2023\/10\/1698578496634-599x800.jpg 599w, https:\/\/th-feriendomizile.de\/wp-content\/uploads\/2023\/10\/1698578496634-299x400.jpg 299w, https:\/\/th-feriendomizile.de\/wp-content\/uploads\/2023\/10\/1698578496634-768x1026.jpg 768w, https:\/\/th-feriendomizile.de\/wp-content\/uploads\/2023\/10\/1698578496634-1149x1536.jpg 1149w, https:\/\/th-feriendomizile.de\/wp-content\/uploads\/2023\/10\/1698578496634-1532x2048.jpg 1532w, https:\/\/th-feriendomizile.de\/wp-content\/uploads\/2023\/10\/1698578496634-scaled.jpg 1916w\" sizes=\"auto, (max-width: 599px) 100vw, 599px\" \/>\t\t\t\t\t\t\n\t\t\t\t\t<\/div>\n\t\t\t\t\t\t\t\t\n<style>\n#image_1249480361 {\n  width: 100%;\n}\n<\/style>\n\t<\/div>\n\t\n\n\n","protected":false},"excerpt":{"rendered":"","protected":false},"author":1,"featured_media":1738,"comment_status":"open","ping_status":"open","sticky":false,"template":"","format":"standard","meta":{"footnotes":""},"categories":[126,115],"tags":[96,154,79,144,140,89,86,119,153,155,145],"class_list":["post-1659","post","type-post","status-publish","format-standard","has-post-thumbnail","hentry","category-erleben","category-leidenschaft","tag-berge","tag-bergpanorama","tag-harz","tag-harzer-leidenschaft","tag-harzurlaub","tag-hundeurlaub","tag-natur","tag-sankt-andreasberg","tag-sterneferien","tag-urlaub-im-harz","tag-urlaub-mit-dem-hund"],"_links":{"self":[{"href":"https:\/\/th-feriendomizile.de\/startseite\/wp-json\/wp\/v2\/posts\/1659","targetHints":{"allow":["GET"]}}],"collection":[{"href":"https:\/\/th-feriendomizile.de\/startseite\/wp-json\/wp\/v2\/posts"}],"about":[{"href":"https:\/\/th-feriendomizile.de\/startseite\/wp-json\/wp\/v2\/types\/post"}],"author":[{"embeddable":true,"href":"https:\/\/th-feriendomizile.de\/startseite\/wp-json\/wp\/v2\/users\/1"}],"replies":[{"embeddable":true,"href":"https:\/\/th-feriendomizile.de\/startseite\/wp-json\/wp\/v2\/comments?post=1659"}],"version-history":[{"count":2,"href":"https:\/\/th-feriendomizile.de\/startseite\/wp-json\/wp\/v2\/posts\/1659\/revisions"}],"predecessor-version":[{"id":1871,"href":"https:\/\/th-feriendomizile.de\/startseite\/wp-json\/wp\/v2\/posts\/1659\/revisions\/1871"}],"wp:featuredmedia":[{"embeddable":true,"href":"https:\/\/th-feriendomizile.de\/startseite\/wp-json\/wp\/v2\/media\/1738"}],"wp:attachment":[{"href":"https:\/\/th-feriendomizile.de\/startseite\/wp-json\/wp\/v2\/media?parent=1659"}],"wp:term":[{"taxonomy":"category","embeddable":true,"href":"https:\/\/th-feriendomizile.de\/startseite\/wp-json\/wp\/v2\/categories?post=1659"},{"taxonomy":"post_tag","embeddable":true,"href":"https:\/\/th-feriendomizile.de\/startseite\/wp-json\/wp\/v2\/tags?post=1659"}],"curies":[{"name":"wp","href":"https:\/\/api.w.org\/{rel}","templated":true}]}}